{"id":234,"date":"2024-12-19T21:14:00","date_gmt":"2024-12-19T20:14:00","guid":{"rendered":"https:\/\/www.poznajdealera.pl\/blog-wp\/?p=234"},"modified":"2025-06-04T21:15:41","modified_gmt":"2025-06-04T19:15:41","slug":"koniec-projektu-samochodu-izera-komentarz","status":"publish","type":"post","link":"https:\/\/www.poznajdealera.pl\/blog\/koniec-projektu-samochodu-izera-komentarz\/","title":{"rendered":"Koniec projektu samochodu IZERA &#8211; komentarz"},"content":{"rendered":"\n<p>Izera nie powstanie.<\/p>\n\n\n\n<figure class=\"wp-block-image\"><img loading=\"lazy\" decoding=\"async\" width=\"1194\" height=\"823\" src=\"https:\/\/www.poznajdealera.pl\/blog-wp\/wp-content\/uploads\/2025\/06\/767aedb7-3c1f-4dca-83da-70c41f40ec0f.png\" alt=\"Zdj\u0119cie g\u0142\u00f3wne\" class=\"wp-image-235\" title=\"Zdj\u0119cie g\u0142\u00f3wne\" srcset=\"https:\/\/www.poznajdealera.pl\/blog\/wp-content\/uploads\/2025\/06\/767aedb7-3c1f-4dca-83da-70c41f40ec0f.png 1194w, https:\/\/www.poznajdealera.pl\/blog\/wp-content\/uploads\/2025\/06\/767aedb7-3c1f-4dca-83da-70c41f40ec0f-300x207.png 300w, https:\/\/www.poznajdealera.pl\/blog\/wp-content\/uploads\/2025\/06\/767aedb7-3c1f-4dca-83da-70c41f40ec0f-1024x706.png 1024w, https:\/\/www.poznajdealera.pl\/blog\/wp-content\/uploads\/2025\/06\/767aedb7-3c1f-4dca-83da-70c41f40ec0f-768x529.png 768w\" sizes=\"auto, (max-width: 1194px) 100vw, 1194px\" \/><figcaption class=\"wp-element-caption\">\u017begnamy polski projekt samochodu elektrycznego<\/figcaption><\/figure>\n\n\n\n<p>W przestrzeni publicznej sporo emocji wywo\u0142a\u0142o og\u0142oszenie przez Ministerstwo decyzji o rezygnacji z produkcji aut elektrycznych Izera na rzecz \u201eklastra elektromobilno\u015bci\u201d. Przygl\u0105daj\u0105c si\u0119 sprawie z perspektywy czasu\u2026<\/p>\n\n\n\n<ol class=\"wp-block-list\">\n<li><strong>Rz\u0105d zaprzepa\u015bci\u0142 projekt Izera?<\/strong>\u00a0Odpowied\u017a brzmi:\u00a0<strong>TAK<\/strong>. Pytanie kt\u00f3ry rz\u0105d? Poprzednia ekipa przez lata nie by\u0142a w stanie zrealizowa\u0107 inwestycji w fabryk\u0119. Mniej wi\u0119cej w tym samym czasie, kiedy rusza\u0142 projekt Izera Turcy og\u0142osili stworzenie w\u0142asnej marki BEV. W 2023 roku rozpocz\u0119li produkcje, a p\u00f3\u0142 roku po rozpocz\u0119ciu sprzeda\u017cy modelu Togg T10X dostarczono na rynek krajowy 3,4 tys. egzemplarzy, co stanowi\u0142o 33-procentowy udzia\u0142 w lokalnym rynku samochod\u00f3w elektrycznych we wrze\u015bniu 2023 roku.<\/li>\n\n\n\n<li><strong>Aktualny rz\u0105d przekre\u015bli\u0142 szanse na produkcje rodzimego BEV?<\/strong>\u00a0Odpowied\u017a brzmi:\u00a0<strong>TAK<\/strong>. Czy szkoda? No szkoda. W ko\u0144cu kto nie chcia\u0142 by mie\u0107 rodzimego producenta samochod\u00f3w? Przecie\u017c sprawa jest bardziej z\u0142o\u017cona. Chodzi\u0142o nie tylko o samoch\u00f3d, ale o szans\u0119 na rozw\u00f3j w\u0142asnego przemys\u0142u motoryzacyjnego, opartego o \u0142a\u0144cuch dostaw polskich firm, kt\u00f3re z poddostawc\u00f3w wesz\u0142y by do elitarnego grona OEM.<\/li>\n<\/ol>\n\n\n\n<p>Nowy plan rz\u0105du to \u201eklaster elektromobilno\u015bci\u201d. Czy warto da\u0107 mu kredyt zaufania, tak jak zrobili\u015bmy to poprzednio dla projektu Izera? Wydaje si\u0119, \u017ce nie mamy wyj\u015bcia. Cho\u0107 produkcja samochod\u00f3w pod w\u0142asn\u0105 mark\u0105 budzi zupe\u0142nie inne emocje, nowy pomys\u0142 opiera si\u0119 na pragmatyzmie. Zak\u0142ada on tworzenie nowych miejsc pracy oraz transfer nowoczesnych technologii, a w efekcie skupia si\u0119 na tym, w czym mamy do\u015bwiadczenie \u2013 wykonywaniu komponent\u00f3w dla zagranicznych producent\u00f3w. Pytanie tylko, czy do realizacji tego przedsi\u0119wzi\u0119cia potrzebna jest pa\u0144stwowa sp\u00f3\u0142ka? A mo\u017ce, bior\u0105c pod uwag\u0119 najnowsz\u0105 histori\u0119 wsp\u00f3\u0142pracy polskiego przemys\u0142u zbrojeniowego z rz\u0105dem, zar\u00f3wno poprzedniej i obecnej kadencji, lepszym rozwi\u0105zaniem by\u0142oby powierzenie odpowiedzialno\u015bci za projekt polskiemu biznesowi motoryzacyjnemu, przy odpowiednim wsparciu ze strony pa\u0144stwa?<\/p>\n\n\n\n<p>Niniejszy epizod obna\u017cy\u0142 istotn\u0105 kwesti\u0119 \u2013 czas w bran\u017cy motoryzacyjnej biegnie nieub\u0142aganie. Decyzyjno\u015b\u0107 i sprawczo\u015b\u0107 musz\u0105 by\u0107 na porz\u0105dku dziennym, a ka\u017cde op\u00f3\u017anienie prowadzi do powa\u017cnych konsekwencji. By\u0107 mo\u017ce to w\u0142a\u015bnie jest kluczowy drogowskaz dla obecnej i kolejnej, kolejnej ekipy.<\/p>\n","protected":false},"excerpt":{"rendered":"<p>Izera nie powstanie.<\/p>\n","protected":false},"author":2,"featured_media":235,"comment_status":"open","ping_status":"open","sticky":false,"template":"","format":"standard","meta":{"footnotes":""},"categories":[4],"tags":[],"class_list":{"0":"post-234","1":"post","2":"type-post","3":"status-publish","4":"format-standard","5":"has-post-thumbnail","7":"category-rynek-motoryzacyjny"},"_links":{"self":[{"href":"https:\/\/www.poznajdealera.pl\/blog\/wp-json\/wp\/v2\/posts\/234","targetHints":{"allow":["GET"]}}],"collection":[{"href":"https:\/\/www.poznajdealera.pl\/blog\/wp-json\/wp\/v2\/posts"}],"about":[{"href":"https:\/\/www.poznajdealera.pl\/blog\/wp-json\/wp\/v2\/types\/post"}],"author":[{"embeddable":true,"href":"https:\/\/www.poznajdealera.pl\/blog\/wp-json\/wp\/v2\/users\/2"}],"replies":[{"embeddable":true,"href":"https:\/\/www.poznajdealera.pl\/blog\/wp-json\/wp\/v2\/comments?post=234"}],"version-history":[{"count":1,"href":"https:\/\/www.poznajdealera.pl\/blog\/wp-json\/wp\/v2\/posts\/234\/revisions"}],"predecessor-version":[{"id":236,"href":"https:\/\/www.poznajdealera.pl\/blog\/wp-json\/wp\/v2\/posts\/234\/revisions\/236"}],"wp:featuredmedia":[{"embeddable":true,"href":"https:\/\/www.poznajdealera.pl\/blog\/wp-json\/wp\/v2\/media\/235"}],"wp:attachment":[{"href":"https:\/\/www.poznajdealera.pl\/blog\/wp-json\/wp\/v2\/media?parent=234"}],"wp:term":[{"taxonomy":"category","embeddable":true,"href":"https:\/\/www.poznajdealera.pl\/blog\/wp-json\/wp\/v2\/categories?post=234"},{"taxonomy":"post_tag","embeddable":true,"href":"https:\/\/www.poznajdealera.pl\/blog\/wp-json\/wp\/v2\/tags?post=234"}],"curies":[{"name":"wp","href":"https:\/\/api.w.org\/{rel}","templated":true}]}}